{"id":35775,"date":"2023-02-07T13:21:20","date_gmt":"2023-02-07T13:21:20","guid":{"rendered":"https:\/\/www.boucherie-traiteur-muzillac.fr\/?p=35775"},"modified":"2023-02-08T08:43:51","modified_gmt":"2023-02-08T08:43:51","slug":"pour-vos-repas-d-entreprise-traiteur-maison-drean-a-muzillac","status":"publish","type":"post","link":"https:\/\/www.boucherie-traiteur-muzillac.fr\/traiteur\/pour-vos-repas-d-entreprise-traiteur-maison-drean-a-muzillac\/","title":{"rendered":"Pour vos repas d\u2019entreprise, <\/br>Traiteur Maison Dr\u00e9an \u00e0 Muzillac"},"content":{"rendered":"\t\t<div data-elementor-type=\"wp-post\" data-elementor-id=\"35775\" class=\"elementor elementor-35775\">\n\t\t\t\t\t\t<div class=\"elementor-inner\">\n\t\t\t\t<div class=\"elementor-section-wrap\">\n\t\t\t\t\t\t\t\t\t<section class=\"elementor-section elementor-top-section elementor-element elementor-element-aa8ad4d elementor-section-boxed elementor-section-height-default elementor-section-height-default\" data-id=\"aa8ad4d\" data-element_type=\"section\">\n\t\t\t\t\t\t<div class=\"elementor-container elementor-column-gap-default\">\n\t\t\t\t\t\t\t<div class=\"elementor-row\">\n\t\t\t\t\t<div class=\"elementor-column elementor-col-100 elementor-top-column elementor-element elementor-element-a6b15b8\" data-id=\"a6b15b8\" data-element_type=\"column\">\n\t\t\t<div class=\"elementor-column-wrap elementor-element-populated\">\n\t\t\t\t\t\t\t<div class=\"elementor-widget-wrap\">\n\t\t\t\t\t\t<div class=\"elementor-element elementor-element-a475b1f elementor-widget elementor-widget-text-editor\" data-id=\"a475b1f\" data-element_type=\"widget\" data-widget_type=\"text-editor.default\">\n\t\t\t\t<div class=\"elementor-widget-container\">\n\t\t\t\t\t\t\t\t<div class=\"elementor-text-editor elementor-clearfix\">\n\t\t\t\t<p><strong>Pour votre repas d\u2019entreprise, votre Traiteur Maison Dr\u00e9an est \u00e0 votre \u00e9coute.<\/strong><\/p><p>Yoann Dr\u00e9an et son \u00e9quipe, traiteur \u00e0 Muzillac, r\u00e9alisent <strong>des buffets, des cocktails, des plateaux repas, des menus <\/strong><br \/>pour toutes les occasions, r\u00e9unions de travail, vin d\u2019honneur\u2026<\/p>\t\t\t\t\t<\/div>\n\t\t\t\t\t\t<\/div>\n\t\t\t\t<\/div>\n\t\t\t\t\t\t<\/div>\n\t\t\t\t\t<\/div>\n\t\t<\/div>\n\t\t\t\t\t\t\t\t<\/div>\n\t\t\t\t\t<\/div>\n\t\t<\/section>\n\t\t\t\t<section class=\"elementor-section elementor-top-section elementor-element elementor-element-f6167dd elementor-section-boxed elementor-section-height-default elementor-section-height-default\" data-id=\"f6167dd\" data-element_type=\"section\">\n\t\t\t\t\t\t<div class=\"elementor-container elementor-column-gap-default\">\n\t\t\t\t\t\t\t<div class=\"elementor-row\">\n\t\t\t\t\t<div class=\"elementor-column elementor-col-100 elementor-top-column elementor-element elementor-element-e7b7332\" data-id=\"e7b7332\" data-element_type=\"column\">\n\t\t\t<div class=\"elementor-column-wrap elementor-element-populated\">\n\t\t\t\t\t\t\t<div class=\"elementor-widget-wrap\">\n\t\t\t\t\t\t<div class=\"elementor-element elementor-element-2bf79c5 elementor-widget-divider--view-line elementor-widget elementor-widget-divider\" data-id=\"2bf79c5\" data-element_type=\"widget\" data-widget_type=\"divider.default\">\n\t\t\t\t<div class=\"elementor-widget-container\">\n\t\t\t\t\t<div class=\"elementor-divider\">\n\t\t\t<span class=\"elementor-divider-separator\">\n\t\t\t\t\t\t<\/span>\n\t\t<\/div>\n\t\t\t\t<\/div>\n\t\t\t\t<\/div>\n\t\t\t\t<div class=\"elementor-element elementor-element-49089ad elementor-widget elementor-widget-heading\" data-id=\"49089ad\" data-element_type=\"widget\" data-widget_type=\"heading.default\">\n\t\t\t\t<div class=\"elementor-widget-container\">\n\t\t\t<h3 class=\"elementor-heading-title elementor-size-default\">Repas pour les entreprises, les associations, les collectivit\u00e9s<\/br>de 5 \u00e0 500 personnes <\/h3>\t\t<\/div>\n\t\t\t\t<\/div>\n\t\t\t\t<section class=\"elementor-section elementor-inner-section elementor-element elementor-element-7120c35 elementor-section-boxed elementor-section-height-default elementor-section-height-default\" data-id=\"7120c35\" data-element_type=\"section\">\n\t\t\t\t\t\t<div class=\"elementor-container elementor-column-gap-default\">\n\t\t\t\t\t\t\t<div class=\"elementor-row\">\n\t\t\t\t\t<div class=\"elementor-column elementor-col-66 elementor-inner-column elementor-element elementor-element-891aa91\" data-id=\"891aa91\" data-element_type=\"column\">\n\t\t\t<div class=\"elementor-column-wrap elementor-element-populated\">\n\t\t\t\t\t\t\t<div class=\"elementor-widget-wrap\">\n\t\t\t\t\t\t<div class=\"elementor-element elementor-element-77a3a48 elementor-widget elementor-widget-text-editor\" data-id=\"77a3a48\" data-element_type=\"widget\" data-widget_type=\"text-editor.default\">\n\t\t\t\t<div class=\"elementor-widget-container\">\n\t\t\t\t\t\t\t\t<div class=\"elementor-text-editor elementor-clearfix\">\n\t\t\t\t<p>Vous \u00eates artisan sur <strong>Damgan,<\/strong> une profession lib\u00e9rale sur <strong>Billiers,<\/strong> une association sur <strong>Muzillac,<\/strong> une PME sur <strong>Ambon,<\/strong> <strong>vous organisez un \u00e9v\u00e9nement, votre traiteur \u00ab Viandes et Saveurs \u00bb vous propose ses services.<\/strong><\/p><p>Forte d\u2019une \u00e9quipe exp\u00e9riment\u00e9e, <strong>la Maison Dr\u00e9an est en mesure de r\u00e9pondre \u00e0 des repas de 5 \u00e0 500 convives,<\/strong> en alliant qualit\u00e9 et efficacit\u00e9.<\/p><p><strong>Que vous soyez une petite entreprise ou un groupe comptant plusieurs centaines de salari\u00e9s,<\/strong> notre service Traiteur g\u00e8re votre repas.<\/p>\t\t\t\t\t<\/div>\n\t\t\t\t\t\t<\/div>\n\t\t\t\t<\/div>\n\t\t\t\t\t\t<\/div>\n\t\t\t\t\t<\/div>\n\t\t<\/div>\n\t\t\t\t<div class=\"elementor-column elementor-col-33 elementor-inner-column elementor-element elementor-element-27fbf6b\" data-id=\"27fbf6b\" data-element_type=\"column\">\n\t\t\t<div class=\"elementor-column-wrap elementor-element-populated\">\n\t\t\t\t\t\t\t<div class=\"elementor-widget-wrap\">\n\t\t\t\t\t\t<div class=\"elementor-element elementor-element-f810199 elementor-widget elementor-widget-image\" data-id=\"f810199\" data-element_type=\"widget\" data-widget_type=\"image.default\">\n\t\t\t\t<div class=\"elementor-widget-container\">\n\t\t\t\t\t\t\t\t<div class=\"elementor-image\">\n\t\t\t\t\t\t\t\t\t\t\t\t<img fetchpriority=\"high\" decoding=\"async\" width=\"805\" height=\"506\" src=\"https:\/\/www.boucherie-traiteur-muzillac.fr\/app\/uploads\/sites\/82\/2022\/06\/AdobeStock_464541694-bd.png\" class=\"attachment-large size-large wp-image-34088\" alt=\"\" srcset=\"https:\/\/www.boucherie-traiteur-muzillac.fr\/app\/uploads\/sites\/82\/2022\/06\/AdobeStock_464541694-bd.png 805w, https:\/\/www.boucherie-traiteur-muzillac.fr\/app\/uploads\/sites\/82\/2022\/06\/AdobeStock_464541694-bd-300x189.png 300w, https:\/\/www.boucherie-traiteur-muzillac.fr\/app\/uploads\/sites\/82\/2022\/06\/AdobeStock_464541694-bd-768x483.png 768w, https:\/\/www.boucherie-traiteur-muzillac.fr\/app\/uploads\/sites\/82\/2022\/06\/AdobeStock_464541694-bd-600x377.png 600w\" sizes=\"(max-width: 805px) 100vw, 805px\" \/>\t\t\t\t\t\t\t\t\t\t\t\t\t\t<\/div>\n\t\t\t\t\t\t<\/div>\n\t\t\t\t<\/div>\n\t\t\t\t\t\t<\/div>\n\t\t\t\t\t<\/div>\n\t\t<\/div>\n\t\t\t\t\t\t\t\t<\/div>\n\t\t\t\t\t<\/div>\n\t\t<\/section>\n\t\t\t\t\t\t<\/div>\n\t\t\t\t\t<\/div>\n\t\t<\/div>\n\t\t\t\t\t\t\t\t<\/div>\n\t\t\t\t\t<\/div>\n\t\t<\/section>\n\t\t\t\t<section class=\"elementor-section elementor-top-section elementor-element elementor-element-dedf70f elementor-section-boxed elementor-section-height-default elementor-section-height-default\" data-id=\"dedf70f\" data-element_type=\"section\" data-settings=\"{&quot;background_background&quot;:&quot;classic&quot;}\">\n\t\t\t\t\t\t<div class=\"elementor-container elementor-column-gap-default\">\n\t\t\t\t\t\t\t<div class=\"elementor-row\">\n\t\t\t\t\t<div class=\"elementor-column elementor-col-50 elementor-top-column elementor-element elementor-element-fe303d3\" data-id=\"fe303d3\" data-element_type=\"column\">\n\t\t\t<div class=\"elementor-column-wrap elementor-element-populated\">\n\t\t\t\t\t\t\t<div class=\"elementor-widget-wrap\">\n\t\t\t\t\t\t<div class=\"elementor-element elementor-element-aa09efa elementor-widget elementor-widget-image\" data-id=\"aa09efa\" data-element_type=\"widget\" data-widget_type=\"image.default\">\n\t\t\t\t<div class=\"elementor-widget-container\">\n\t\t\t\t\t\t\t\t<div class=\"elementor-image\">\n\t\t\t\t\t\t\t\t\t\t\t\t<img decoding=\"async\" width=\"501\" height=\"508\" src=\"https:\/\/www.boucherie-traiteur-muzillac.fr\/app\/uploads\/sites\/82\/2023\/02\/AdobeStock_85246292-BD-2.png\" class=\"attachment-large size-large wp-image-35866\" alt=\"\" srcset=\"https:\/\/www.boucherie-traiteur-muzillac.fr\/app\/uploads\/sites\/82\/2023\/02\/AdobeStock_85246292-BD-2.png 501w, https:\/\/www.boucherie-traiteur-muzillac.fr\/app\/uploads\/sites\/82\/2023\/02\/AdobeStock_85246292-BD-2-296x300.png 296w, https:\/\/www.boucherie-traiteur-muzillac.fr\/app\/uploads\/sites\/82\/2023\/02\/AdobeStock_85246292-BD-2-100x100.png 100w\" sizes=\"(max-width: 501px) 100vw, 501px\" \/>\t\t\t\t\t\t\t\t\t\t\t\t\t\t<\/div>\n\t\t\t\t\t\t<\/div>\n\t\t\t\t<\/div>\n\t\t\t\t<div class=\"elementor-element elementor-element-1e96f26 elementor-widget elementor-widget-image\" data-id=\"1e96f26\" data-element_type=\"widget\" data-widget_type=\"image.default\">\n\t\t\t\t<div class=\"elementor-widget-container\">\n\t\t\t\t\t\t\t\t<div class=\"elementor-image\">\n\t\t\t\t\t\t\t\t\t\t\t\t<img decoding=\"async\" width=\"741\" height=\"549\" src=\"https:\/\/www.boucherie-traiteur-muzillac.fr\/app\/uploads\/sites\/82\/2023\/02\/AdobeStock_52072500_bd.png\" class=\"attachment-large size-large wp-image-35869\" alt=\"\" srcset=\"https:\/\/www.boucherie-traiteur-muzillac.fr\/app\/uploads\/sites\/82\/2023\/02\/AdobeStock_52072500_bd.png 741w, https:\/\/www.boucherie-traiteur-muzillac.fr\/app\/uploads\/sites\/82\/2023\/02\/AdobeStock_52072500_bd-300x222.png 300w, https:\/\/www.boucherie-traiteur-muzillac.fr\/app\/uploads\/sites\/82\/2023\/02\/AdobeStock_52072500_bd-600x445.png 600w\" sizes=\"(max-width: 741px) 100vw, 741px\" \/>\t\t\t\t\t\t\t\t\t\t\t\t\t\t<\/div>\n\t\t\t\t\t\t<\/div>\n\t\t\t\t<\/div>\n\t\t\t\t\t\t<\/div>\n\t\t\t\t\t<\/div>\n\t\t<\/div>\n\t\t\t\t<div class=\"elementor-column elementor-col-50 elementor-top-column elementor-element elementor-element-560392e\" data-id=\"560392e\" data-element_type=\"column\">\n\t\t\t<div class=\"elementor-column-wrap elementor-element-populated\">\n\t\t\t\t\t\t\t<div class=\"elementor-widget-wrap\">\n\t\t\t\t\t\t<div class=\"elementor-element elementor-element-26e18b5 elementor-widget elementor-widget-heading\" data-id=\"26e18b5\" data-element_type=\"widget\" data-widget_type=\"heading.default\">\n\t\t\t\t<div class=\"elementor-widget-container\">\n\t\t\t<h3 class=\"elementor-heading-title elementor-size-default\">Un traiteur pour tous types de repas : buffet, cocktail, formule, plat unique\u2026<\/h3>\t\t<\/div>\n\t\t\t\t<\/div>\n\t\t\t\t<div class=\"elementor-element elementor-element-e7215b2 elementor-widget elementor-widget-text-editor\" data-id=\"e7215b2\" data-element_type=\"widget\" data-widget_type=\"text-editor.default\">\n\t\t\t\t<div class=\"elementor-widget-container\">\n\t\t\t\t\t\t\t\t<div class=\"elementor-text-editor elementor-clearfix\">\n\t\t\t\t<p>Votre traiteur Maison Dr\u00e9an vous propose <strong>une carte traiteur vari\u00e9e pour tous les \u00e9v\u00e9nements li\u00e9s aux entreprises, aux associations, aux collectivit\u00e9s&#8230;<\/strong><\/p><p><strong>De nombreuses formules repas sont propos\u00e9es pour un repas \u00ab buffet \u00bb.<\/strong> Les formules repas se composent de salades, de charcuteries, de viandes froides, de terrines. Elles peuvent \u00eatre accompagn\u00e9es de fromages, de desserts au choix.<\/p><p>Si vous souhaitez un repas assis pour un d\u00e9jeuner de travail, <strong>votre traiteur Maison Dr\u00e9an \u00e0 Muzillac vous propose des plateaux repas froids ou chauds, ainsi que des menus.<\/strong><\/p>\t\t\t\t\t<\/div>\n\t\t\t\t\t\t<\/div>\n\t\t\t\t<\/div>\n\t\t\t\t<div class=\"elementor-element elementor-element-8060a68 elementor-widget elementor-widget-button\" data-id=\"8060a68\" data-element_type=\"widget\" data-widget_type=\"button.default\">\n\t\t\t\t<div class=\"elementor-widget-container\">\n\t\t\t\t\t<div class=\"elementor-button-wrapper\">\n\t\t\t<a class=\"elementor-button elementor-button-link elementor-size-sm\" href=\"https:\/\/www.boucherie-traiteur-muzillac.fr\/traiteur-muzillac-damgan-arzal-billiers\/\">\n\t\t\t\t\t\t<span class=\"elementor-button-content-wrapper\">\n\t\t\t\t\t\t<span class=\"elementor-button-text\">D\u00e9couvrez d\u00e8s maintenant notre carte Traiteur<\/span>\n\t\t<\/span>\n\t\t\t\t\t<\/a>\n\t\t<\/div>\n\t\t\t\t<\/div>\n\t\t\t\t<\/div>\n\t\t\t\t<div class=\"elementor-element elementor-element-17a334d elementor-widget elementor-widget-heading\" data-id=\"17a334d\" data-element_type=\"widget\" data-widget_type=\"heading.default\">\n\t\t\t\t<div class=\"elementor-widget-container\">\n\t\t\t<h3 class=\"elementor-heading-title elementor-size-default\">Livraison de plats chauds pour les entreprises, les associations sur Muzillac et les environs, Arzal, Damgan\u2026<\/h3>\t\t<\/div>\n\t\t\t\t<\/div>\n\t\t\t\t<div class=\"elementor-element elementor-element-ec80583 elementor-widget elementor-widget-text-editor\" data-id=\"ec80583\" data-element_type=\"widget\" data-widget_type=\"text-editor.default\">\n\t\t\t\t<div class=\"elementor-widget-container\">\n\t\t\t\t\t\t\t\t<div class=\"elementor-text-editor elementor-clearfix\">\n\t\t\t\t<p><strong>Notre \u00e9quipe vous livre votre repas en liaison chaude.<\/strong> Vos plats chauds sont conserv\u00e9s dans des <strong>caissons isothermes<\/strong>, ainsi votre r\u00e9ception peut se faire o\u00f9 vous le souhaitez, sans aucun besoin d\u2019appareils de r\u00e9chauffage ou de conservation.<\/p><p><strong>Entreprises, Collectivit\u00e9s, Mairies, Associations,<\/strong> pour vos repas, <strong>votre traiteur Maison Dr\u00e9an<\/strong> est \u00e0 votre service, avec notamment la <strong>commande en ligne.<\/strong><\/p>\t\t\t\t\t<\/div>\n\t\t\t\t\t\t<\/div>\n\t\t\t\t<\/div>\n\t\t\t\t<div class=\"elementor-element elementor-element-194e73b elementor-widget elementor-widget-button\" data-id=\"194e73b\" data-element_type=\"widget\" data-widget_type=\"button.default\">\n\t\t\t\t<div class=\"elementor-widget-container\">\n\t\t\t\t\t<div class=\"elementor-button-wrapper\">\n\t\t\t<a class=\"elementor-button elementor-button-link elementor-size-sm\" href=\"https:\/\/www.boucherie-traiteur-muzillac.fr\/traiteur-muzillac-damgan-arzal-billiers\/\">\n\t\t\t\t\t\t<span class=\"elementor-button-content-wrapper\">\n\t\t\t\t\t\t<span class=\"elementor-button-text\">Commandez votre repas <\/span>\n\t\t<\/span>\n\t\t\t\t\t<\/a>\n\t\t<\/div>\n\t\t\t\t<\/div>\n\t\t\t\t<\/div>\n\t\t\t\t\t\t<\/div>\n\t\t\t\t\t<\/div>\n\t\t<\/div>\n\t\t\t\t\t\t\t\t<\/div>\n\t\t\t\t\t<\/div>\n\t\t<\/section>\n\t\t\t\t\t\t\t\t\t<\/div>\n\t\t\t<\/div>\n\t\t\t\t\t<\/div>\n\t\t","protected":false},"excerpt":{"rendered":"<p>Pour votre repas d\u2019entreprise, votre Traiteur Maison Dr\u00e9an est \u00e0 votre \u00e9coute. Yoann Dr\u00e9an et son \u00e9quipe, traiteur \u00e0 Muzillac, r\u00e9alisent des buffets, des cocktails, des plateaux repas, des menus pour toutes les occasions, r\u00e9unions de travail, vin d\u2019honneur\u2026 Repas pour les entreprises, les associations, les collectivit\u00e9sde 5 \u00e0 500 personnes Vous \u00eates artisan sur&#8230;<\/p>\n","protected":false},"author":1350,"featured_media":0,"comment_status":"open","ping_status":"open","sticky":false,"template":"","format":"standard","meta":{"_kad_post_transparent":"","_kad_post_title":"","_kad_post_layout":"","_kad_post_sidebar_id":"","_kad_post_content_style":"","_kad_post_vertical_padding":"","_kad_post_feature":"","_kad_post_feature_position":"","_kad_post_header":false,"_kad_post_footer":false,"footnotes":""},"categories":[986],"tags":[],"yoast_head":"<!-- This site is optimized with the Yoast SEO plugin v19.2 - https:\/\/yoast.com\/wordpress\/plugins\/seo\/ -->\n<title>Pour vos repas d\u2019entreprise, Traiteur Maison Dr\u00e9an \u00e0 Muzillac - Viandes et Saveurs<\/title>\n<meta name=\"robots\" content=\"index, follow, max-snippet:-1, max-image-preview:large, max-video-preview:-1\" \/>\n<link rel=\"canonical\" href=\"https:\/\/www.boucherie-traiteur-muzillac.fr\/traiteur\/pour-vos-repas-d-entreprise-traiteur-maison-drean-a-muzillac\/\" \/>\n<meta property=\"og:locale\" content=\"fr_FR\" \/>\n<meta property=\"og:type\" content=\"article\" \/>\n<meta property=\"og:url\" content=\"https:\/\/www.boucherie-traiteur-muzillac.fr\/traiteur\/pour-vos-repas-d-entreprise-traiteur-maison-drean-a-muzillac\/\" \/>\n<meta property=\"og:site_name\" content=\"Viandes et Saveurs\" \/>\n<meta property=\"article:published_time\" content=\"2023-02-07T13:21:20+00:00\" \/>\n<meta property=\"article:modified_time\" content=\"2023-02-08T08:43:51+00:00\" \/>\n<meta property=\"og:image\" content=\"https:\/\/www.boucherie-traiteur-muzillac.fr\/app\/uploads\/sites\/82\/2022\/06\/AdobeStock_464541694-bd.png\" \/>\n<meta name=\"author\" content=\"pauline@activ-communication.com\" \/>\n<meta name=\"twitter:card\" content=\"summary_large_image\" \/>\n<meta name=\"twitter:label1\" content=\"Written by\" \/>\n\t<meta name=\"twitter:data1\" content=\"pauline@activ-communication.com\" \/>\n\t<meta name=\"twitter:label2\" content=\"Est. reading time\" \/>\n\t<meta name=\"twitter:data2\" content=\"3 minutes\" \/>\n<script type=\"application\/ld+json\" class=\"yoast-schema-graph\">{\"@context\":\"https:\/\/schema.org\",\"@graph\":[{\"@type\":\"WebSite\",\"@id\":\"https:\/\/www.boucherie-traiteur-muzillac.fr\/#website\",\"url\":\"https:\/\/www.boucherie-traiteur-muzillac.fr\/\",\"name\":\"Viandes et Saveurs\",\"description\":\"Boucherie Traiteur \u00e0 Muzillac\",\"potentialAction\":[{\"@type\":\"SearchAction\",\"target\":{\"@type\":\"EntryPoint\",\"urlTemplate\":\"https:\/\/www.boucherie-traiteur-muzillac.fr\/?s={search_term_string}\"},\"query-input\":\"required name=search_term_string\"}],\"inLanguage\":\"fr-FR\"},{\"@type\":\"ImageObject\",\"inLanguage\":\"fr-FR\",\"@id\":\"https:\/\/www.boucherie-traiteur-muzillac.fr\/traiteur\/pour-vos-repas-d-entreprise-traiteur-maison-drean-a-muzillac\/#primaryimage\",\"url\":\"https:\/\/www.boucherie-traiteur-muzillac.fr\/app\/uploads\/sites\/82\/2022\/06\/AdobeStock_464541694-bd.png\",\"contentUrl\":\"https:\/\/www.boucherie-traiteur-muzillac.fr\/app\/uploads\/sites\/82\/2022\/06\/AdobeStock_464541694-bd.png\",\"width\":805,\"height\":506},{\"@type\":\"WebPage\",\"@id\":\"https:\/\/www.boucherie-traiteur-muzillac.fr\/traiteur\/pour-vos-repas-d-entreprise-traiteur-maison-drean-a-muzillac\/#webpage\",\"url\":\"https:\/\/www.boucherie-traiteur-muzillac.fr\/traiteur\/pour-vos-repas-d-entreprise-traiteur-maison-drean-a-muzillac\/\",\"name\":\"Pour vos repas d\u2019entreprise, Traiteur Maison Dr\u00e9an \u00e0 Muzillac - Viandes et Saveurs\",\"isPartOf\":{\"@id\":\"https:\/\/www.boucherie-traiteur-muzillac.fr\/#website\"},\"primaryImageOfPage\":{\"@id\":\"https:\/\/www.boucherie-traiteur-muzillac.fr\/traiteur\/pour-vos-repas-d-entreprise-traiteur-maison-drean-a-muzillac\/#primaryimage\"},\"datePublished\":\"2023-02-07T13:21:20+00:00\",\"dateModified\":\"2023-02-08T08:43:51+00:00\",\"author\":{\"@id\":\"https:\/\/www.boucherie-traiteur-muzillac.fr\/#\/schema\/person\/ed515d6da7c9ad0c0aab56fe3732537d\"},\"breadcrumb\":{\"@id\":\"https:\/\/www.boucherie-traiteur-muzillac.fr\/traiteur\/pour-vos-repas-d-entreprise-traiteur-maison-drean-a-muzillac\/#breadcrumb\"},\"inLanguage\":\"fr-FR\",\"potentialAction\":[{\"@type\":\"ReadAction\",\"target\":[\"https:\/\/www.boucherie-traiteur-muzillac.fr\/traiteur\/pour-vos-repas-d-entreprise-traiteur-maison-drean-a-muzillac\/\"]}]},{\"@type\":\"BreadcrumbList\",\"@id\":\"https:\/\/www.boucherie-traiteur-muzillac.fr\/traiteur\/pour-vos-repas-d-entreprise-traiteur-maison-drean-a-muzillac\/#breadcrumb\",\"itemListElement\":[{\"@type\":\"ListItem\",\"position\":1,\"name\":\"Accueil\",\"item\":\"https:\/\/www.boucherie-traiteur-muzillac.fr\/\"},{\"@type\":\"ListItem\",\"position\":2,\"name\":\"Pour vos repas d\u2019entreprise, Traiteur Maison Dr\u00e9an \u00e0 Muzillac\"}]},{\"@type\":\"Person\",\"@id\":\"https:\/\/www.boucherie-traiteur-muzillac.fr\/#\/schema\/person\/ed515d6da7c9ad0c0aab56fe3732537d\",\"name\":\"pauline@activ-communication.com\",\"image\":{\"@type\":\"ImageObject\",\"inLanguage\":\"fr-FR\",\"@id\":\"https:\/\/www.boucherie-traiteur-muzillac.fr\/#\/schema\/person\/image\/\",\"url\":\"https:\/\/secure.gravatar.com\/avatar\/dbb4a53579c742ed4f74eb70a380fea0?s=96&d=mm&r=g\",\"contentUrl\":\"https:\/\/secure.gravatar.com\/avatar\/dbb4a53579c742ed4f74eb70a380fea0?s=96&d=mm&r=g\",\"caption\":\"pauline@activ-communication.com\"},\"sameAs\":[\"http:\/\/ben@webdesign29.net\"],\"url\":\"https:\/\/www.boucherie-traiteur-muzillac.fr\/author\/paulineactiv-communication-com\/\"}]}<\/script>\n<!-- \/ Yoast SEO plugin. -->","yoast_head_json":{"title":"Pour vos repas d\u2019entreprise, Traiteur Maison Dr\u00e9an \u00e0 Muzillac - Viandes et Saveurs","robots":{"index":"index","follow":"follow","max-snippet":"max-snippet:-1","max-image-preview":"max-image-preview:large","max-video-preview":"max-video-preview:-1"},"canonical":"https:\/\/www.boucherie-traiteur-muzillac.fr\/traiteur\/pour-vos-repas-d-entreprise-traiteur-maison-drean-a-muzillac\/","og_locale":"fr_FR","og_type":"article","og_url":"https:\/\/www.boucherie-traiteur-muzillac.fr\/traiteur\/pour-vos-repas-d-entreprise-traiteur-maison-drean-a-muzillac\/","og_site_name":"Viandes et Saveurs","article_published_time":"2023-02-07T13:21:20+00:00","article_modified_time":"2023-02-08T08:43:51+00:00","og_image":[{"url":"https:\/\/www.boucherie-traiteur-muzillac.fr\/app\/uploads\/sites\/82\/2022\/06\/AdobeStock_464541694-bd.png"}],"author":"pauline@activ-communication.com","twitter_card":"summary_large_image","twitter_misc":{"Written by":"pauline@activ-communication.com","Est. reading time":"3 minutes"},"schema":{"@context":"https:\/\/schema.org","@graph":[{"@type":"WebSite","@id":"https:\/\/www.boucherie-traiteur-muzillac.fr\/#website","url":"https:\/\/www.boucherie-traiteur-muzillac.fr\/","name":"Viandes et Saveurs","description":"Boucherie Traiteur \u00e0 Muzillac","potentialAction":[{"@type":"SearchAction","target":{"@type":"EntryPoint","urlTemplate":"https:\/\/www.boucherie-traiteur-muzillac.fr\/?s={search_term_string}"},"query-input":"required name=search_term_string"}],"inLanguage":"fr-FR"},{"@type":"ImageObject","inLanguage":"fr-FR","@id":"https:\/\/www.boucherie-traiteur-muzillac.fr\/traiteur\/pour-vos-repas-d-entreprise-traiteur-maison-drean-a-muzillac\/#primaryimage","url":"https:\/\/www.boucherie-traiteur-muzillac.fr\/app\/uploads\/sites\/82\/2022\/06\/AdobeStock_464541694-bd.png","contentUrl":"https:\/\/www.boucherie-traiteur-muzillac.fr\/app\/uploads\/sites\/82\/2022\/06\/AdobeStock_464541694-bd.png","width":805,"height":506},{"@type":"WebPage","@id":"https:\/\/www.boucherie-traiteur-muzillac.fr\/traiteur\/pour-vos-repas-d-entreprise-traiteur-maison-drean-a-muzillac\/#webpage","url":"https:\/\/www.boucherie-traiteur-muzillac.fr\/traiteur\/pour-vos-repas-d-entreprise-traiteur-maison-drean-a-muzillac\/","name":"Pour vos repas d\u2019entreprise, Traiteur Maison Dr\u00e9an \u00e0 Muzillac - Viandes et Saveurs","isPartOf":{"@id":"https:\/\/www.boucherie-traiteur-muzillac.fr\/#website"},"primaryImageOfPage":{"@id":"https:\/\/www.boucherie-traiteur-muzillac.fr\/traiteur\/pour-vos-repas-d-entreprise-traiteur-maison-drean-a-muzillac\/#primaryimage"},"datePublished":"2023-02-07T13:21:20+00:00","dateModified":"2023-02-08T08:43:51+00:00","author":{"@id":"https:\/\/www.boucherie-traiteur-muzillac.fr\/#\/schema\/person\/ed515d6da7c9ad0c0aab56fe3732537d"},"breadcrumb":{"@id":"https:\/\/www.boucherie-traiteur-muzillac.fr\/traiteur\/pour-vos-repas-d-entreprise-traiteur-maison-drean-a-muzillac\/#breadcrumb"},"inLanguage":"fr-FR","potentialAction":[{"@type":"ReadAction","target":["https:\/\/www.boucherie-traiteur-muzillac.fr\/traiteur\/pour-vos-repas-d-entreprise-traiteur-maison-drean-a-muzillac\/"]}]},{"@type":"BreadcrumbList","@id":"https:\/\/www.boucherie-traiteur-muzillac.fr\/traiteur\/pour-vos-repas-d-entreprise-traiteur-maison-drean-a-muzillac\/#breadcrumb","itemListElement":[{"@type":"ListItem","position":1,"name":"Accueil","item":"https:\/\/www.boucherie-traiteur-muzillac.fr\/"},{"@type":"ListItem","position":2,"name":"Pour vos repas d\u2019entreprise, Traiteur Maison Dr\u00e9an \u00e0 Muzillac"}]},{"@type":"Person","@id":"https:\/\/www.boucherie-traiteur-muzillac.fr\/#\/schema\/person\/ed515d6da7c9ad0c0aab56fe3732537d","name":"pauline@activ-communication.com","image":{"@type":"ImageObject","inLanguage":"fr-FR","@id":"https:\/\/www.boucherie-traiteur-muzillac.fr\/#\/schema\/person\/image\/","url":"https:\/\/secure.gravatar.com\/avatar\/dbb4a53579c742ed4f74eb70a380fea0?s=96&d=mm&r=g","contentUrl":"https:\/\/secure.gravatar.com\/avatar\/dbb4a53579c742ed4f74eb70a380fea0?s=96&d=mm&r=g","caption":"pauline@activ-communication.com"},"sameAs":["http:\/\/ben@webdesign29.net"],"url":"https:\/\/www.boucherie-traiteur-muzillac.fr\/author\/paulineactiv-communication-com\/"}]}},"_links":{"self":[{"href":"https:\/\/www.boucherie-traiteur-muzillac.fr\/api\/wp\/v2\/posts\/35775"}],"collection":[{"href":"https:\/\/www.boucherie-traiteur-muzillac.fr\/api\/wp\/v2\/posts"}],"about":[{"href":"https:\/\/www.boucherie-traiteur-muzillac.fr\/api\/wp\/v2\/types\/post"}],"author":[{"embeddable":true,"href":"https:\/\/www.boucherie-traiteur-muzillac.fr\/api\/wp\/v2\/users\/1350"}],"replies":[{"embeddable":true,"href":"https:\/\/www.boucherie-traiteur-muzillac.fr\/api\/wp\/v2\/comments?post=35775"}],"version-history":[{"count":40,"href":"https:\/\/www.boucherie-traiteur-muzillac.fr\/api\/wp\/v2\/posts\/35775\/revisions"}],"predecessor-version":[{"id":35903,"href":"https:\/\/www.boucherie-traiteur-muzillac.fr\/api\/wp\/v2\/posts\/35775\/revisions\/35903"}],"wp:attachment":[{"href":"https:\/\/www.boucherie-traiteur-muzillac.fr\/api\/wp\/v2\/media?parent=35775"}],"wp:term":[{"taxonomy":"category","embeddable":true,"href":"https:\/\/www.boucherie-traiteur-muzillac.fr\/api\/wp\/v2\/categories?post=35775"},{"taxonomy":"post_tag","embeddable":true,"href":"https:\/\/www.boucherie-traiteur-muzillac.fr\/api\/wp\/v2\/tags?post=35775"}],"curies":[{"name":"wp","href":"https:\/\/api.w.org\/{rel}","templated":true}]}}